{"id":64,"date":"2021-12-02T12:07:56","date_gmt":"2021-12-02T15:07:56","guid":{"rendered":"https:\/\/sied.unt.edu.ar\/?p=64"},"modified":"2021-12-02T12:38:57","modified_gmt":"2021-12-02T15:38:57","slug":"carrousel-principal","status":"publish","type":"post","link":"https:\/\/sied.unt.edu.ar\/?p=64","title":{"rendered":"carrousel principal"},"content":{"rendered":"        <div class=\"wcp-carousel-main-wrap\">\r\n        <section class=\"wcp-slick\"  data-autoplay = on data-dots = on data-slidesToShow = 3 data-slidesToShowtab = 2 data-slidesToShowmob = 1 data-speed = 3000 id=\"carousel-59\">\r\n\r\n                            <div class=\"slick-slide carousel-item-275\">\r\n                    <div class=\"rpc-post-carousel3 rpc-box\">\r\n\t\r\n\r\n\t<div class=\"rpc-desc-box rpc-bg\">\r\n\t\t<div style=\"display: table; margin: auto;\">\r\n\t\t\t<div class=\"rpc-post-category\">\r\n\t\t\t\t<a href=\"https:\/\/sied.unt.edu.ar\/?cat=4\">Noticias<\/a>\t\t\t<\/div>\r\n\t\t<\/div>\r\n\t\t<h3 class=\"rpc-post-title\">\r\n\t\t\t<a href=\"https:\/\/sied.unt.edu.ar\/?p=275\" target=\"_self\" class=\"rpc-title\">\r\n\t\t\t\tEncuentro estrat\u00e9gico entre el SIED y referentes de escuelas experimentale\t\t\t<\/a>\r\n\t\t<\/h3>\r\n\t\t<div class=\"clearfix\"><\/div>\r\n\t\t<div class=\"rpc-post-para rpc-content\" style=\"height:100px;\">\r\n\t\t\tEl martes 28 de mayo de 2024 se llev\u00f3 a cabo una reuni\u00f3n clave entre el equipo del Sistema...                            <br>\r\n                <a href=\"https:\/\/sied.unt.edu.ar\/?p=275\" target=\"_self\" class=\"\">Leer m\u00e1s...<\/a>\r\n        \t\t<\/div>\r\n\t\t\t\t<!--span class=\"rpc-post-meta wcp-disable-post-meta\">\r\n\t\t\t<i class=\"fa fa-user\"><\/i>\r\n\t\t\t\t\t<\/span-->\r\n\t\t<span class=\"rpc-comment-box wcp-disable-post-meta\">\r\n\t\t\t30\/05\/2024\t\t<\/span>\r\n\t\t\t\t<div class=\"clearfix\"><\/div>\r\n\t<\/div>\r\n\t\r\n\t<div class=\"rpc-post-image\">\r\n\t\t<a href=\"https:\/\/sied.unt.edu.ar\/?p=275\" target=\"_self\">\r\n\t\t\t<img width=\"1280\" height=\"960\" src=\"https:\/\/sied.unt.edu.ar\/wp-content\/uploads\/2025\/10\/EE2024-1.jpeg\" class=\"attachment- size- wp-post-image\" alt=\"\" decoding=\"async\" srcset=\"https:\/\/sied.unt.edu.ar\/wp-content\/uploads\/2025\/10\/EE2024-1.jpeg 1280w, https:\/\/sied.unt.edu.ar\/wp-content\/uploads\/2025\/10\/EE2024-1-300x225.jpeg 300w, https:\/\/sied.unt.edu.ar\/wp-content\/uploads\/2025\/10\/EE2024-1-1024x768.jpeg 1024w, https:\/\/sied.unt.edu.ar\/wp-content\/uploads\/2025\/10\/EE2024-1-768x576.jpeg 768w\" sizes=\"(max-width: 1280px) 100vw, 1280px\" \/>\t\t<\/a>\r\n\t<\/div>\r\n\t\r\n<\/div>                <\/div>    \r\n\r\n                            <div class=\"slick-slide carousel-item-266\">\r\n                    <div class=\"rpc-post-carousel3 rpc-box\">\r\n\t\r\n\r\n\t<div class=\"rpc-desc-box rpc-bg\">\r\n\t\t<div style=\"display: table; margin: auto;\">\r\n\t\t\t<div class=\"rpc-post-category\">\r\n\t\t\t\t<a href=\"https:\/\/sied.unt.edu.ar\/?cat=4\">Noticias<\/a>\t\t\t<\/div>\r\n\t\t<\/div>\r\n\t\t<h3 class=\"rpc-post-title\">\r\n\t\t\t<a href=\"https:\/\/sied.unt.edu.ar\/?p=266\" target=\"_self\" class=\"rpc-title\">\r\n\t\t\t\tCapacitaci\u00f3n docente en IA: curso de posgrado y taller virtual en la UNT\t\t\t<\/a>\r\n\t\t<\/h3>\r\n\t\t<div class=\"clearfix\"><\/div>\r\n\t\t<div class=\"rpc-post-para rpc-content\" style=\"height:100px;\">\r\n\t\t\tCapacitaci\u00f3n docente en IA: curso de posgrado y taller virtual en la UNT La Secretar\u00eda Acad\u00e9mica de la Universidad...                            <br>\r\n                <a href=\"https:\/\/sied.unt.edu.ar\/?p=266\" target=\"_self\" class=\"\">Leer m\u00e1s...<\/a>\r\n        \t\t<\/div>\r\n\t\t\t\t<!--span class=\"rpc-post-meta wcp-disable-post-meta\">\r\n\t\t\t<i class=\"fa fa-user\"><\/i>\r\n\t\t\t\t\t<\/span-->\r\n\t\t<span class=\"rpc-comment-box wcp-disable-post-meta\">\r\n\t\t\t28\/05\/2024\t\t<\/span>\r\n\t\t\t\t<div class=\"clearfix\"><\/div>\r\n\t<\/div>\r\n\t\r\n\t<div class=\"rpc-post-image\">\r\n\t\t<a href=\"https:\/\/sied.unt.edu.ar\/?p=266\" target=\"_self\">\r\n\t\t\t<img width=\"366\" height=\"287\" src=\"https:\/\/sied.unt.edu.ar\/wp-content\/uploads\/2025\/10\/fondo-IA-100.jpg\" class=\"attachment- size- wp-post-image\" alt=\"\" decoding=\"async\" srcset=\"https:\/\/sied.unt.edu.ar\/wp-content\/uploads\/2025\/10\/fondo-IA-100.jpg 366w, https:\/\/sied.unt.edu.ar\/wp-content\/uploads\/2025\/10\/fondo-IA-100-300x235.jpg 300w\" sizes=\"(max-width: 366px) 100vw, 366px\" \/>\t\t<\/a>\r\n\t<\/div>\r\n\t\r\n<\/div>                <\/div>    \r\n\r\n                            <div class=\"slick-slide carousel-item-240\">\r\n                    <div class=\"rpc-post-carousel3 rpc-box\">\r\n\t\r\n\r\n\t<div class=\"rpc-desc-box rpc-bg\">\r\n\t\t<div style=\"display: table; margin: auto;\">\r\n\t\t\t<div class=\"rpc-post-category\">\r\n\t\t\t\t<a href=\"https:\/\/sied.unt.edu.ar\/?cat=4\">Noticias<\/a>\t\t\t<\/div>\r\n\t\t<\/div>\r\n\t\t<h3 class=\"rpc-post-title\">\r\n\t\t\t<a href=\"https:\/\/sied.unt.edu.ar\/?p=240\" target=\"_self\" class=\"rpc-title\">\r\n\t\t\t\tConferencia Magistral sobre Inteligencia Artificial\t\t\t<\/a>\r\n\t\t<\/h3>\r\n\t\t<div class=\"clearfix\"><\/div>\r\n\t\t<div class=\"rpc-post-para rpc-content\" style=\"height:100px;\">\r\n\t\t\t\u201cIA: una mirada humanista frente a sus tensiones y potencialidades\u201d El Sistema Institucional de Educaci\u00f3n a Distancia (SIED UNT),...                            <br>\r\n                <a href=\"https:\/\/sied.unt.edu.ar\/?p=240\" target=\"_self\" class=\"\">Leer m\u00e1s...<\/a>\r\n        \t\t<\/div>\r\n\t\t\t\t<!--span class=\"rpc-post-meta wcp-disable-post-meta\">\r\n\t\t\t<i class=\"fa fa-user\"><\/i>\r\n\t\t\t\t\t<\/span-->\r\n\t\t<span class=\"rpc-comment-box wcp-disable-post-meta\">\r\n\t\t\t11\/04\/2024\t\t<\/span>\r\n\t\t\t\t<div class=\"clearfix\"><\/div>\r\n\t<\/div>\r\n\t\r\n\t<div class=\"rpc-post-image\">\r\n\t\t<a href=\"https:\/\/sied.unt.edu.ar\/?p=240\" target=\"_self\">\r\n\t\t\t<img width=\"1600\" height=\"1066\" src=\"https:\/\/sied.unt.edu.ar\/wp-content\/uploads\/2025\/10\/ConferenciaChamatropulos-5.jpeg\" class=\"attachment- size- wp-post-image\" alt=\"Imagen representativa a la nota\" decoding=\"async\" srcset=\"https:\/\/sied.unt.edu.ar\/wp-content\/uploads\/2025\/10\/ConferenciaChamatropulos-5.jpeg 1600w, https:\/\/sied.unt.edu.ar\/wp-content\/uploads\/2025\/10\/ConferenciaChamatropulos-5-300x200.jpeg 300w, https:\/\/sied.unt.edu.ar\/wp-content\/uploads\/2025\/10\/ConferenciaChamatropulos-5-1024x682.jpeg 1024w, https:\/\/sied.unt.edu.ar\/wp-content\/uploads\/2025\/10\/ConferenciaChamatropulos-5-768x512.jpeg 768w, https:\/\/sied.unt.edu.ar\/wp-content\/uploads\/2025\/10\/ConferenciaChamatropulos-5-1536x1023.jpeg 1536w\" sizes=\"(max-width: 1600px) 100vw, 1600px\" \/>\t\t<\/a>\r\n\t<\/div>\r\n\t\r\n<\/div>                <\/div>    \r\n\r\n                            <div class=\"slick-slide carousel-item-229\">\r\n                    <div class=\"rpc-post-carousel3 rpc-box\">\r\n\t\r\n\r\n\t<div class=\"rpc-desc-box rpc-bg\">\r\n\t\t<div style=\"display: table; margin: auto;\">\r\n\t\t\t<div class=\"rpc-post-category\">\r\n\t\t\t\t<a href=\"https:\/\/sied.unt.edu.ar\/?cat=4\">Noticias<\/a>\t\t\t<\/div>\r\n\t\t<\/div>\r\n\t\t<h3 class=\"rpc-post-title\">\r\n\t\t\t<a href=\"https:\/\/sied.unt.edu.ar\/?p=229\" target=\"_self\" class=\"rpc-title\">\r\n\t\t\t\tCiclo de Capacitaci\u00f3n en Inteligencia Artificial 2024: \u201cIA generativa\u201d\t\t\t<\/a>\r\n\t\t<\/h3>\r\n\t\t<div class=\"clearfix\"><\/div>\r\n\t\t<div class=\"rpc-post-para rpc-content\" style=\"height:100px;\">\r\n\t\t\tEl Sistema Institucional de Educaci\u00f3n a Distancia (SIED) de la Universidad Nacional de Tucum\u00e1n (UNT) llevar\u00e1 adelante el Ciclo...                            <br>\r\n                <a href=\"https:\/\/sied.unt.edu.ar\/?p=229\" target=\"_self\" class=\"\">Leer m\u00e1s...<\/a>\r\n        \t\t<\/div>\r\n\t\t\t\t<!--span class=\"rpc-post-meta wcp-disable-post-meta\">\r\n\t\t\t<i class=\"fa fa-user\"><\/i>\r\n\t\t\t\t\t<\/span-->\r\n\t\t<span class=\"rpc-comment-box wcp-disable-post-meta\">\r\n\t\t\t01\/04\/2024\t\t<\/span>\r\n\t\t\t\t<div class=\"clearfix\"><\/div>\r\n\t<\/div>\r\n\t\r\n\t<div class=\"rpc-post-image\">\r\n\t\t<a href=\"https:\/\/sied.unt.edu.ar\/?p=229\" target=\"_self\">\r\n\t\t\t<img width=\"810\" height=\"1440\" src=\"https:\/\/sied.unt.edu.ar\/wp-content\/uploads\/2025\/10\/WhatsApp-Image-2025-10-28-at-11.15.14.jpeg\" class=\"attachment- size- wp-post-image\" alt=\"\" decoding=\"async\" srcset=\"https:\/\/sied.unt.edu.ar\/wp-content\/uploads\/2025\/10\/WhatsApp-Image-2025-10-28-at-11.15.14.jpeg 810w, https:\/\/sied.unt.edu.ar\/wp-content\/uploads\/2025\/10\/WhatsApp-Image-2025-10-28-at-11.15.14-169x300.jpeg 169w, https:\/\/sied.unt.edu.ar\/wp-content\/uploads\/2025\/10\/WhatsApp-Image-2025-10-28-at-11.15.14-576x1024.jpeg 576w, https:\/\/sied.unt.edu.ar\/wp-content\/uploads\/2025\/10\/WhatsApp-Image-2025-10-28-at-11.15.14-768x1365.jpeg 768w\" sizes=\"(max-width: 810px) 100vw, 810px\" \/>\t\t<\/a>\r\n\t<\/div>\r\n\t\r\n<\/div>                <\/div>    \r\n\r\n                            <div class=\"slick-slide carousel-item-253\">\r\n                    <div class=\"rpc-post-carousel3 rpc-box\">\r\n\t\r\n\r\n\t<div class=\"rpc-desc-box rpc-bg\">\r\n\t\t<div style=\"display: table; margin: auto;\">\r\n\t\t\t<div class=\"rpc-post-category\">\r\n\t\t\t\t<a href=\"https:\/\/sied.unt.edu.ar\/?cat=4\">Noticias<\/a>\t\t\t<\/div>\r\n\t\t<\/div>\r\n\t\t<h3 class=\"rpc-post-title\">\r\n\t\t\t<a href=\"https:\/\/sied.unt.edu.ar\/?p=253\" target=\"_self\" class=\"rpc-title\">\r\n\t\t\t\tReuni\u00f3n del SIED: Balance, planificaci\u00f3n y an\u00e1lisis de nuevas normativas\t\t\t<\/a>\r\n\t\t<\/h3>\r\n\t\t<div class=\"clearfix\"><\/div>\r\n\t\t<div class=\"rpc-post-para rpc-content\" style=\"height:100px;\">\r\n\t\t\tEl pasado 29 de febrero, la Secretar\u00eda Acad\u00e9mica y el Sistema Institucional de Educaci\u00f3n a Distancia (SIED UNT) llevaron...                            <br>\r\n                <a href=\"https:\/\/sied.unt.edu.ar\/?p=253\" target=\"_self\" class=\"\">Leer m\u00e1s...<\/a>\r\n        \t\t<\/div>\r\n\t\t\t\t<!--span class=\"rpc-post-meta wcp-disable-post-meta\">\r\n\t\t\t<i class=\"fa fa-user\"><\/i>\r\n\t\t\t\t\t<\/span-->\r\n\t\t<span class=\"rpc-comment-box wcp-disable-post-meta\">\r\n\t\t\t01\/03\/2024\t\t<\/span>\r\n\t\t\t\t<div class=\"clearfix\"><\/div>\r\n\t<\/div>\r\n\t\r\n\t<div class=\"rpc-post-image\">\r\n\t\t<a href=\"https:\/\/sied.unt.edu.ar\/?p=253\" target=\"_self\">\r\n\t\t\t<img width=\"1080\" height=\"1351\" src=\"https:\/\/sied.unt.edu.ar\/wp-content\/uploads\/2025\/10\/imagenM6.jpg\" class=\"attachment- size- wp-post-image\" alt=\"Reuni\u00f3n SIED\" decoding=\"async\" srcset=\"https:\/\/sied.unt.edu.ar\/wp-content\/uploads\/2025\/10\/imagenM6.jpg 1080w, https:\/\/sied.unt.edu.ar\/wp-content\/uploads\/2025\/10\/imagenM6-240x300.jpg 240w, https:\/\/sied.unt.edu.ar\/wp-content\/uploads\/2025\/10\/imagenM6-819x1024.jpg 819w, https:\/\/sied.unt.edu.ar\/wp-content\/uploads\/2025\/10\/imagenM6-768x961.jpg 768w\" sizes=\"(max-width: 1080px) 100vw, 1080px\" \/>\t\t<\/a>\r\n\t<\/div>\r\n\t\r\n<\/div>                <\/div>    \r\n\r\n                            <div class=\"slick-slide carousel-item-195\">\r\n                    <div class=\"rpc-post-carousel3 rpc-box\">\r\n\t\r\n\r\n\t<div class=\"rpc-desc-box rpc-bg\">\r\n\t\t<div style=\"display: table; margin: auto;\">\r\n\t\t\t<div class=\"rpc-post-category\">\r\n\t\t\t\t<a href=\"https:\/\/sied.unt.edu.ar\/?cat=4\">Noticias<\/a>\t\t\t<\/div>\r\n\t\t<\/div>\r\n\t\t<h3 class=\"rpc-post-title\">\r\n\t\t\t<a href=\"https:\/\/sied.unt.edu.ar\/?p=195\" target=\"_self\" class=\"rpc-title\">\r\n\t\t\t\tVisita del equipo SIED a la Facultad de Medicina\t\t\t<\/a>\r\n\t\t<\/h3>\r\n\t\t<div class=\"clearfix\"><\/div>\r\n\t\t<div class=\"rpc-post-para rpc-content\" style=\"height:100px;\">\r\n\t\t\tEl 12 de septiembre marc\u00f3 un d\u00eda significativo en la colaboraci\u00f3n entre la Facultad de Medicina y el Sistema...                            <br>\r\n                <a href=\"https:\/\/sied.unt.edu.ar\/?p=195\" target=\"_self\" class=\"\">Leer m\u00e1s...<\/a>\r\n        \t\t<\/div>\r\n\t\t\t\t<!--span class=\"rpc-post-meta wcp-disable-post-meta\">\r\n\t\t\t<i class=\"fa fa-user\"><\/i>\r\n\t\t\t\t\t<\/span-->\r\n\t\t<span class=\"rpc-comment-box wcp-disable-post-meta\">\r\n\t\t\t12\/09\/2023\t\t<\/span>\r\n\t\t\t\t<div class=\"clearfix\"><\/div>\r\n\t<\/div>\r\n\t\r\n\t<div class=\"rpc-post-image\">\r\n\t\t<a href=\"https:\/\/sied.unt.edu.ar\/?p=195\" target=\"_self\">\r\n\t\t\t<img width=\"674\" height=\"478\" src=\"https:\/\/sied.unt.edu.ar\/wp-content\/uploads\/2023\/09\/MedicinaR.png\" class=\"attachment- size- wp-post-image\" alt=\"\" decoding=\"async\" srcset=\"https:\/\/sied.unt.edu.ar\/wp-content\/uploads\/2023\/09\/MedicinaR.png 674w, https:\/\/sied.unt.edu.ar\/wp-content\/uploads\/2023\/09\/MedicinaR-300x213.png 300w\" sizes=\"(max-width: 674px) 100vw, 674px\" \/>\t\t<\/a>\r\n\t<\/div>\r\n\t\r\n<\/div>                <\/div>    \r\n\r\n                            <div class=\"slick-slide carousel-item-189\">\r\n                    <div class=\"rpc-post-carousel3 rpc-box\">\r\n\t\r\n\r\n\t<div class=\"rpc-desc-box rpc-bg\">\r\n\t\t<div style=\"display: table; margin: auto;\">\r\n\t\t\t<div class=\"rpc-post-category\">\r\n\t\t\t\t<a href=\"https:\/\/sied.unt.edu.ar\/?cat=4\">Noticias<\/a>\t\t\t<\/div>\r\n\t\t<\/div>\r\n\t\t<h3 class=\"rpc-post-title\">\r\n\t\t\t<a href=\"https:\/\/sied.unt.edu.ar\/?p=189\" target=\"_self\" class=\"rpc-title\">\r\n\t\t\t\tFortaleciendo la Colaboraci\u00f3n entre la Facultad de Bellas Artes y el SIED\t\t\t<\/a>\r\n\t\t<\/h3>\r\n\t\t<div class=\"clearfix\"><\/div>\r\n\t\t<div class=\"rpc-post-para rpc-content\" style=\"height:100px;\">\r\n\t\t\tEl 12 de septiembre, la Facultad de Bellas Artes recibi\u00f3 la visita estrat\u00e9gica por parte del Sistema Institucional de...                            <br>\r\n                <a href=\"https:\/\/sied.unt.edu.ar\/?p=189\" target=\"_self\" class=\"\">Leer m\u00e1s...<\/a>\r\n        \t\t<\/div>\r\n\t\t\t\t<!--span class=\"rpc-post-meta wcp-disable-post-meta\">\r\n\t\t\t<i class=\"fa fa-user\"><\/i>\r\n\t\t\t\t\t<\/span-->\r\n\t\t<span class=\"rpc-comment-box wcp-disable-post-meta\">\r\n\t\t\t12\/09\/2023\t\t<\/span>\r\n\t\t\t\t<div class=\"clearfix\"><\/div>\r\n\t<\/div>\r\n\t\r\n\t<div class=\"rpc-post-image\">\r\n\t\t<a href=\"https:\/\/sied.unt.edu.ar\/?p=189\" target=\"_self\">\r\n\t\t\t<img width=\"407\" height=\"241\" src=\"https:\/\/sied.unt.edu.ar\/wp-content\/uploads\/2023\/09\/FBA.png\" class=\"attachment- size- wp-post-image\" alt=\"\" decoding=\"async\" srcset=\"https:\/\/sied.unt.edu.ar\/wp-content\/uploads\/2023\/09\/FBA.png 407w, https:\/\/sied.unt.edu.ar\/wp-content\/uploads\/2023\/09\/FBA-300x178.png 300w\" sizes=\"(max-width: 407px) 100vw, 407px\" \/>\t\t<\/a>\r\n\t<\/div>\r\n\t\r\n<\/div>                <\/div>    \r\n\r\n                            <div class=\"slick-slide carousel-item-192\">\r\n                    <div class=\"rpc-post-carousel3 rpc-box\">\r\n\t\r\n\r\n\t<div class=\"rpc-desc-box rpc-bg\">\r\n\t\t<div style=\"display: table; margin: auto;\">\r\n\t\t\t<div class=\"rpc-post-category\">\r\n\t\t\t\t<a href=\"https:\/\/sied.unt.edu.ar\/?cat=4\">Noticias<\/a>\t\t\t<\/div>\r\n\t\t<\/div>\r\n\t\t<h3 class=\"rpc-post-title\">\r\n\t\t\t<a href=\"https:\/\/sied.unt.edu.ar\/?p=192\" target=\"_self\" class=\"rpc-title\">\r\n\t\t\t\tEl SIED y su contribuci\u00f3n a la Facultad de Derecho: Una alianza para la excelencia\t\t\t<\/a>\r\n\t\t<\/h3>\r\n\t\t<div class=\"clearfix\"><\/div>\r\n\t\t<div class=\"rpc-post-para rpc-content\" style=\"height:100px;\">\r\n\t\t\tEl prop\u00f3sito central de esta reuni\u00f3n, que tuvo lugar el 4 de septiembre, fue consolidar la colaboraci\u00f3n y la...                            <br>\r\n                <a href=\"https:\/\/sied.unt.edu.ar\/?p=192\" target=\"_self\" class=\"\">Leer m\u00e1s...<\/a>\r\n        \t\t<\/div>\r\n\t\t\t\t<!--span class=\"rpc-post-meta wcp-disable-post-meta\">\r\n\t\t\t<i class=\"fa fa-user\"><\/i>\r\n\t\t\t\t\t<\/span-->\r\n\t\t<span class=\"rpc-comment-box wcp-disable-post-meta\">\r\n\t\t\t04\/09\/2023\t\t<\/span>\r\n\t\t\t\t<div class=\"clearfix\"><\/div>\r\n\t<\/div>\r\n\t\r\n\t<div class=\"rpc-post-image\">\r\n\t\t<a href=\"https:\/\/sied.unt.edu.ar\/?p=192\" target=\"_self\">\r\n\t\t\t<img width=\"1600\" height=\"1200\" src=\"https:\/\/sied.unt.edu.ar\/wp-content\/uploads\/2023\/09\/Derecho.jpg\" class=\"attachment- size- wp-post-image\" alt=\"\" decoding=\"async\" srcset=\"https:\/\/sied.unt.edu.ar\/wp-content\/uploads\/2023\/09\/Derecho.jpg 1600w, https:\/\/sied.unt.edu.ar\/wp-content\/uploads\/2023\/09\/Derecho-300x225.jpg 300w, https:\/\/sied.unt.edu.ar\/wp-content\/uploads\/2023\/09\/Derecho-1024x768.jpg 1024w, https:\/\/sied.unt.edu.ar\/wp-content\/uploads\/2023\/09\/Derecho-768x576.jpg 768w, https:\/\/sied.unt.edu.ar\/wp-content\/uploads\/2023\/09\/Derecho-1536x1152.jpg 1536w\" sizes=\"(max-width: 1600px) 100vw, 1600px\" \/>\t\t<\/a>\r\n\t<\/div>\r\n\t\r\n<\/div>                <\/div>    \r\n\r\n                            <div class=\"slick-slide carousel-item-175\">\r\n                    <div class=\"rpc-post-carousel3 rpc-box\">\r\n\t\r\n\r\n\t<div class=\"rpc-desc-box rpc-bg\">\r\n\t\t<div style=\"display: table; margin: auto;\">\r\n\t\t\t<div class=\"rpc-post-category\">\r\n\t\t\t\t<a href=\"https:\/\/sied.unt.edu.ar\/?cat=4\">Noticias<\/a>\t\t\t<\/div>\r\n\t\t<\/div>\r\n\t\t<h3 class=\"rpc-post-title\">\r\n\t\t\t<a href=\"https:\/\/sied.unt.edu.ar\/?p=175\" target=\"_self\" class=\"rpc-title\">\r\n\t\t\t\tReuni\u00f3n SIED &#8211; Sistema Institucional de Educaci\u00f3n a Distancia UNT\t\t\t<\/a>\r\n\t\t<\/h3>\r\n\t\t<div class=\"clearfix\"><\/div>\r\n\t\t<div class=\"rpc-post-para rpc-content\" style=\"height:100px;\">\r\n\t\t\t\ud83d\udccd El d\u00eda 4 de septiembre se realiz\u00f3 una reuni\u00f3n entre la Secretar\u00eda Acad\u00e9mica y el SIED UNT (Sistema...                            <br>\r\n                <a href=\"https:\/\/sied.unt.edu.ar\/?p=175\" target=\"_self\" class=\"\">Leer m\u00e1s...<\/a>\r\n        \t\t<\/div>\r\n\t\t\t\t<!--span class=\"rpc-post-meta wcp-disable-post-meta\">\r\n\t\t\t<i class=\"fa fa-user\"><\/i>\r\n\t\t\t\t\t<\/span-->\r\n\t\t<span class=\"rpc-comment-box wcp-disable-post-meta\">\r\n\t\t\t04\/09\/2023\t\t<\/span>\r\n\t\t\t\t<div class=\"clearfix\"><\/div>\r\n\t<\/div>\r\n\t\r\n\t<div class=\"rpc-post-image\">\r\n\t\t<a href=\"https:\/\/sied.unt.edu.ar\/?p=175\" target=\"_self\">\r\n\t\t\t<img width=\"720\" height=\"802\" src=\"https:\/\/sied.unt.edu.ar\/wp-content\/uploads\/2023\/09\/reunionsied.jpg\" class=\"attachment- size- wp-post-image\" alt=\"\" decoding=\"async\" srcset=\"https:\/\/sied.unt.edu.ar\/wp-content\/uploads\/2023\/09\/reunionsied.jpg 720w, https:\/\/sied.unt.edu.ar\/wp-content\/uploads\/2023\/09\/reunionsied-269x300.jpg 269w\" sizes=\"(max-width: 720px) 100vw, 720px\" \/>\t\t<\/a>\r\n\t<\/div>\r\n\t\r\n<\/div>                <\/div>    \r\n\r\n                            <div class=\"slick-slide carousel-item-185\">\r\n                    <div class=\"rpc-post-carousel3 rpc-box\">\r\n\t\r\n\r\n\t<div class=\"rpc-desc-box rpc-bg\">\r\n\t\t<div style=\"display: table; margin: auto;\">\r\n\t\t\t<div class=\"rpc-post-category\">\r\n\t\t\t\t<a href=\"https:\/\/sied.unt.edu.ar\/?cat=4\">Noticias<\/a>\t\t\t<\/div>\r\n\t\t<\/div>\r\n\t\t<h3 class=\"rpc-post-title\">\r\n\t\t\t<a href=\"https:\/\/sied.unt.edu.ar\/?p=185\" target=\"_self\" class=\"rpc-title\">\r\n\t\t\t\tFortaleciendo la Educaci\u00f3n Superior a trav\u00e9s de la Visita del SIED a la FBQF\t\t\t<\/a>\r\n\t\t<\/h3>\r\n\t\t<div class=\"clearfix\"><\/div>\r\n\t\t<div class=\"rpc-post-para rpc-content\" style=\"height:100px;\">\r\n\t\t\tEl 14 de agosto, la Facultad de Bioqu\u00edmica, Qu\u00edmica y Farmacia recibi\u00f3 una visita significativa por parte del Sistema...                            <br>\r\n                <a href=\"https:\/\/sied.unt.edu.ar\/?p=185\" target=\"_self\" class=\"\">Leer m\u00e1s...<\/a>\r\n        \t\t<\/div>\r\n\t\t\t\t<!--span class=\"rpc-post-meta wcp-disable-post-meta\">\r\n\t\t\t<i class=\"fa fa-user\"><\/i>\r\n\t\t\t\t\t<\/span-->\r\n\t\t<span class=\"rpc-comment-box wcp-disable-post-meta\">\r\n\t\t\t14\/08\/2023\t\t<\/span>\r\n\t\t\t\t<div class=\"clearfix\"><\/div>\r\n\t<\/div>\r\n\t\r\n\t<div class=\"rpc-post-image\">\r\n\t\t<a href=\"https:\/\/sied.unt.edu.ar\/?p=185\" target=\"_self\">\r\n\t\t\t<img width=\"1200\" height=\"702\" src=\"https:\/\/sied.unt.edu.ar\/wp-content\/uploads\/2023\/09\/1408fbqf.jpg\" class=\"attachment- size- wp-post-image\" alt=\"\" decoding=\"async\" srcset=\"https:\/\/sied.unt.edu.ar\/wp-content\/uploads\/2023\/09\/1408fbqf.jpg 1200w, https:\/\/sied.unt.edu.ar\/wp-content\/uploads\/2023\/09\/1408fbqf-300x176.jpg 300w, https:\/\/sied.unt.edu.ar\/wp-content\/uploads\/2023\/09\/1408fbqf-1024x599.jpg 1024w, https:\/\/sied.unt.edu.ar\/wp-content\/uploads\/2023\/09\/1408fbqf-768x449.jpg 768w\" sizes=\"(max-width: 1200px) 100vw, 1200px\" \/>\t\t<\/a>\r\n\t<\/div>\r\n\t\r\n<\/div>                <\/div>    \r\n\r\n                            <div class=\"slick-slide carousel-item-182\">\r\n                    <div class=\"rpc-post-carousel3 rpc-box\">\r\n\t\r\n\r\n\t<div class=\"rpc-desc-box rpc-bg\">\r\n\t\t<div style=\"display: table; margin: auto;\">\r\n\t\t\t<div class=\"rpc-post-category\">\r\n\t\t\t\t<a href=\"https:\/\/sied.unt.edu.ar\/?cat=4\">Noticias<\/a>\t\t\t<\/div>\r\n\t\t<\/div>\r\n\t\t<h3 class=\"rpc-post-title\">\r\n\t\t\t<a href=\"https:\/\/sied.unt.edu.ar\/?p=182\" target=\"_self\" class=\"rpc-title\">\r\n\t\t\t\tEl SIED y la Facultad de Arquitectura y Urbanismo comparten visiones\t\t\t<\/a>\r\n\t\t<\/h3>\r\n\t\t<div class=\"clearfix\"><\/div>\r\n\t\t<div class=\"rpc-post-para rpc-content\" style=\"height:100px;\">\r\n\t\t\tEl 5 de junio, la Facultad de Arquitectura y Urbanismo recibi\u00f3 una visita altamente significativa por parte del Sistema...                            <br>\r\n                <a href=\"https:\/\/sied.unt.edu.ar\/?p=182\" target=\"_self\" class=\"\">Leer m\u00e1s...<\/a>\r\n        \t\t<\/div>\r\n\t\t\t\t<!--span class=\"rpc-post-meta wcp-disable-post-meta\">\r\n\t\t\t<i class=\"fa fa-user\"><\/i>\r\n\t\t\t\t\t<\/span-->\r\n\t\t<span class=\"rpc-comment-box wcp-disable-post-meta\">\r\n\t\t\t05\/06\/2023\t\t<\/span>\r\n\t\t\t\t<div class=\"clearfix\"><\/div>\r\n\t<\/div>\r\n\t\r\n\t<div class=\"rpc-post-image\">\r\n\t\t<a href=\"https:\/\/sied.unt.edu.ar\/?p=182\" target=\"_self\">\r\n\t\t\t<img width=\"811\" height=\"467\" src=\"https:\/\/sied.unt.edu.ar\/wp-content\/uploads\/2023\/09\/506FAU.jpg\" class=\"attachment- size- wp-post-image\" alt=\"\" decoding=\"async\" srcset=\"https:\/\/sied.unt.edu.ar\/wp-content\/uploads\/2023\/09\/506FAU.jpg 811w, https:\/\/sied.unt.edu.ar\/wp-content\/uploads\/2023\/09\/506FAU-300x173.jpg 300w, https:\/\/sied.unt.edu.ar\/wp-content\/uploads\/2023\/09\/506FAU-768x442.jpg 768w\" sizes=\"(max-width: 811px) 100vw, 811px\" \/>\t\t<\/a>\r\n\t<\/div>\r\n\t\r\n<\/div>                <\/div>    \r\n\r\n                            <div class=\"slick-slide carousel-item-179\">\r\n                    <div class=\"rpc-post-carousel3 rpc-box\">\r\n\t\r\n\r\n\t<div class=\"rpc-desc-box rpc-bg\">\r\n\t\t<div style=\"display: table; margin: auto;\">\r\n\t\t\t<div class=\"rpc-post-category\">\r\n\t\t\t\t<a href=\"https:\/\/sied.unt.edu.ar\/?cat=4\">Noticias<\/a>\t\t\t<\/div>\r\n\t\t<\/div>\r\n\t\t<h3 class=\"rpc-post-title\">\r\n\t\t\t<a href=\"https:\/\/sied.unt.edu.ar\/?p=179\" target=\"_self\" class=\"rpc-title\">\r\n\t\t\t\tAvances y Colaboraciones: La Visita del SIED a la Facultad de Agronom\u00eda\t\t\t<\/a>\r\n\t\t<\/h3>\r\n\t\t<div class=\"clearfix\"><\/div>\r\n\t\t<div class=\"rpc-post-para rpc-content\" style=\"height:100px;\">\r\n\t\t\tEl 5 de junio, la Facultad de Agronom\u00eda recibi\u00f3 la visita del SIED. En la reuni\u00f3n, asistieron la Sra....                            <br>\r\n                <a href=\"https:\/\/sied.unt.edu.ar\/?p=179\" target=\"_self\" class=\"\">Leer m\u00e1s...<\/a>\r\n        \t\t<\/div>\r\n\t\t\t\t<!--span class=\"rpc-post-meta wcp-disable-post-meta\">\r\n\t\t\t<i class=\"fa fa-user\"><\/i>\r\n\t\t\t\t\t<\/span-->\r\n\t\t<span class=\"rpc-comment-box wcp-disable-post-meta\">\r\n\t\t\t05\/06\/2023\t\t<\/span>\r\n\t\t\t\t<div class=\"clearfix\"><\/div>\r\n\t<\/div>\r\n\t\r\n\t<div class=\"rpc-post-image\">\r\n\t\t<a href=\"https:\/\/sied.unt.edu.ar\/?p=179\" target=\"_self\">\r\n\t\t\t<img width=\"498\" height=\"375\" src=\"https:\/\/sied.unt.edu.ar\/wp-content\/uploads\/2023\/09\/506FAZ.jpg\" class=\"attachment- size- wp-post-image\" alt=\"\" decoding=\"async\" srcset=\"https:\/\/sied.unt.edu.ar\/wp-content\/uploads\/2023\/09\/506FAZ.jpg 498w, https:\/\/sied.unt.edu.ar\/wp-content\/uploads\/2023\/09\/506FAZ-300x226.jpg 300w\" sizes=\"(max-width: 498px) 100vw, 498px\" \/>\t\t<\/a>\r\n\t<\/div>\r\n\t\r\n<\/div>                <\/div>    \r\n\r\n                            <div class=\"slick-slide carousel-item-163\">\r\n                    <div class=\"rpc-post-carousel3 rpc-box\">\r\n\t\r\n\r\n\t<div class=\"rpc-desc-box rpc-bg\">\r\n\t\t<div style=\"display: table; margin: auto;\">\r\n\t\t\t<div class=\"rpc-post-category\">\r\n\t\t\t\t<a href=\"https:\/\/sied.unt.edu.ar\/?cat=4\">Noticias<\/a>\t\t\t<\/div>\r\n\t\t<\/div>\r\n\t\t<h3 class=\"rpc-post-title\">\r\n\t\t\t<a href=\"https:\/\/sied.unt.edu.ar\/?p=163\" target=\"_self\" class=\"rpc-title\">\r\n\t\t\t\tConversatorio de Inteligencia Artificial: el futuro de la educaci\u00f3n\t\t\t<\/a>\r\n\t\t<\/h3>\r\n\t\t<div class=\"clearfix\"><\/div>\r\n\t\t<div class=\"rpc-post-para rpc-content\" style=\"height:100px;\">\r\n\t\t\tConversatorio virtual que contar\u00e1 con la participaci\u00f3n de expertos en la materia para discutir c\u00f3mo la IA est\u00e1 transformando...                            <br>\r\n                <a href=\"https:\/\/sied.unt.edu.ar\/?p=163\" target=\"_self\" class=\"\">Leer m\u00e1s...<\/a>\r\n        \t\t<\/div>\r\n\t\t\t\t<!--span class=\"rpc-post-meta wcp-disable-post-meta\">\r\n\t\t\t<i class=\"fa fa-user\"><\/i>\r\n\t\t\t\t\t<\/span-->\r\n\t\t<span class=\"rpc-comment-box wcp-disable-post-meta\">\r\n\t\t\t24\/04\/2023\t\t<\/span>\r\n\t\t\t\t<div class=\"clearfix\"><\/div>\r\n\t<\/div>\r\n\t\r\n\t<div class=\"rpc-post-image\">\r\n\t\t<a href=\"https:\/\/sied.unt.edu.ar\/?p=163\" target=\"_self\">\r\n\t\t\t<img width=\"1280\" height=\"720\" src=\"https:\/\/sied.unt.edu.ar\/wp-content\/uploads\/2023\/08\/YouTube.png\" class=\"attachment- size- wp-post-image\" alt=\"Placa del evento\" decoding=\"async\" srcset=\"https:\/\/sied.unt.edu.ar\/wp-content\/uploads\/2023\/08\/YouTube.png 1280w, https:\/\/sied.unt.edu.ar\/wp-content\/uploads\/2023\/08\/YouTube-300x169.png 300w, https:\/\/sied.unt.edu.ar\/wp-content\/uploads\/2023\/08\/YouTube-1024x576.png 1024w, https:\/\/sied.unt.edu.ar\/wp-content\/uploads\/2023\/08\/YouTube-768x432.png 768w\" sizes=\"(max-width: 1280px) 100vw, 1280px\" \/>\t\t<\/a>\r\n\t<\/div>\r\n\t\r\n<\/div>                <\/div>    \r\n\r\n                            <div class=\"slick-slide carousel-item-159\">\r\n                    <div class=\"rpc-post-carousel3 rpc-box\">\r\n\t\r\n\r\n\t<div class=\"rpc-desc-box rpc-bg\">\r\n\t\t<div style=\"display: table; margin: auto;\">\r\n\t\t\t<div class=\"rpc-post-category\">\r\n\t\t\t\t<a href=\"https:\/\/sied.unt.edu.ar\/?cat=4\">Noticias<\/a>\t\t\t<\/div>\r\n\t\t<\/div>\r\n\t\t<h3 class=\"rpc-post-title\">\r\n\t\t\t<a href=\"https:\/\/sied.unt.edu.ar\/?p=159\" target=\"_self\" class=\"rpc-title\">\r\n\t\t\t\tLa UNT y la UNLP coorganizaron el 9\u00b0 Seminario Internacional de RUEDA\t\t\t<\/a>\r\n\t\t<\/h3>\r\n\t\t<div class=\"clearfix\"><\/div>\r\n\t\t<div class=\"rpc-post-para rpc-content\" style=\"height:100px;\">\r\n\t\t\tEl\u00a014 y 15 de noviembre de 2022\u00a0 se llev\u00f3 a cabo en la ciudad de\u00a0Mar del Plata\u00a0el\u00a09 Seminario Internacional...                            <br>\r\n                <a href=\"https:\/\/sied.unt.edu.ar\/?p=159\" target=\"_self\" class=\"\">Leer m\u00e1s...<\/a>\r\n        \t\t<\/div>\r\n\t\t\t\t<!--span class=\"rpc-post-meta wcp-disable-post-meta\">\r\n\t\t\t<i class=\"fa fa-user\"><\/i>\r\n\t\t\t\t\t<\/span-->\r\n\t\t<span class=\"rpc-comment-box wcp-disable-post-meta\">\r\n\t\t\t18\/11\/2022\t\t<\/span>\r\n\t\t\t\t<div class=\"clearfix\"><\/div>\r\n\t<\/div>\r\n\t\r\n\t<div class=\"rpc-post-image\">\r\n\t\t<a href=\"https:\/\/sied.unt.edu.ar\/?p=159\" target=\"_self\">\r\n\t\t\t<img width=\"2560\" height=\"1920\" src=\"https:\/\/sied.unt.edu.ar\/wp-content\/uploads\/2023\/08\/IMG_20221114_102607467_HDR-scaled.jpg\" class=\"attachment- size- wp-post-image\" alt=\"foto del auditorio\" decoding=\"async\" srcset=\"https:\/\/sied.unt.edu.ar\/wp-content\/uploads\/2023\/08\/IMG_20221114_102607467_HDR-scaled.jpg 2560w, https:\/\/sied.unt.edu.ar\/wp-content\/uploads\/2023\/08\/IMG_20221114_102607467_HDR-300x225.jpg 300w, https:\/\/sied.unt.edu.ar\/wp-content\/uploads\/2023\/08\/IMG_20221114_102607467_HDR-1024x768.jpg 1024w, https:\/\/sied.unt.edu.ar\/wp-content\/uploads\/2023\/08\/IMG_20221114_102607467_HDR-768x576.jpg 768w, https:\/\/sied.unt.edu.ar\/wp-content\/uploads\/2023\/08\/IMG_20221114_102607467_HDR-1536x1152.jpg 1536w, https:\/\/sied.unt.edu.ar\/wp-content\/uploads\/2023\/08\/IMG_20221114_102607467_HDR-2048x1536.jpg 2048w\" sizes=\"(max-width: 2560px) 100vw, 2560px\" \/>\t\t<\/a>\r\n\t<\/div>\r\n\t\r\n<\/div>                <\/div>    \r\n\r\n                            <div class=\"slick-slide carousel-item-166\">\r\n                    <div class=\"rpc-post-carousel3 rpc-box\">\r\n\t\r\n\r\n\t<div class=\"rpc-desc-box rpc-bg\">\r\n\t\t<div style=\"display: table; margin: auto;\">\r\n\t\t\t<div class=\"rpc-post-category\">\r\n\t\t\t\t<a href=\"https:\/\/sied.unt.edu.ar\/?cat=4\">Noticias<\/a>\t\t\t<\/div>\r\n\t\t<\/div>\r\n\t\t<h3 class=\"rpc-post-title\">\r\n\t\t\t<a href=\"https:\/\/sied.unt.edu.ar\/?p=166\" target=\"_self\" class=\"rpc-title\">\r\n\t\t\t\tCapacitan a docentes en el manejo de equipos para aulas h\u00edbridas\t\t\t<\/a>\r\n\t\t<\/h3>\r\n\t\t<div class=\"clearfix\"><\/div>\r\n\t\t<div class=\"rpc-post-para rpc-content\" style=\"height:100px;\">\r\n\t\t\tEl primer encuentro se llev\u00f3 a cabo en la Facultad de Odontolog\u00eda. Las capacitaciones se har\u00e1n extensivas a todas...                            <br>\r\n                <a href=\"https:\/\/sied.unt.edu.ar\/?p=166\" target=\"_self\" class=\"\">Leer m\u00e1s...<\/a>\r\n        \t\t<\/div>\r\n\t\t\t\t<!--span class=\"rpc-post-meta wcp-disable-post-meta\">\r\n\t\t\t<i class=\"fa fa-user\"><\/i>\r\n\t\t\t\t\t<\/span-->\r\n\t\t<span class=\"rpc-comment-box wcp-disable-post-meta\">\r\n\t\t\t31\/08\/2022\t\t<\/span>\r\n\t\t\t\t<div class=\"clearfix\"><\/div>\r\n\t<\/div>\r\n\t\r\n\t<div class=\"rpc-post-image\">\r\n\t\t<a href=\"https:\/\/sied.unt.edu.ar\/?p=166\" target=\"_self\">\r\n\t\t\t<img width=\"1600\" height=\"1200\" src=\"https:\/\/sied.unt.edu.ar\/wp-content\/uploads\/2023\/08\/220831103425_74643.jpeg\" class=\"attachment- size- wp-post-image\" alt=\"Foto del aula en la capacitaci\u00f3n\" decoding=\"async\" srcset=\"https:\/\/sied.unt.edu.ar\/wp-content\/uploads\/2023\/08\/220831103425_74643.jpeg 1600w, https:\/\/sied.unt.edu.ar\/wp-content\/uploads\/2023\/08\/220831103425_74643-300x225.jpeg 300w, https:\/\/sied.unt.edu.ar\/wp-content\/uploads\/2023\/08\/220831103425_74643-1024x768.jpeg 1024w, https:\/\/sied.unt.edu.ar\/wp-content\/uploads\/2023\/08\/220831103425_74643-768x576.jpeg 768w, https:\/\/sied.unt.edu.ar\/wp-content\/uploads\/2023\/08\/220831103425_74643-1536x1152.jpeg 1536w\" sizes=\"(max-width: 1600px) 100vw, 1600px\" \/>\t\t<\/a>\r\n\t<\/div>\r\n\t\r\n<\/div>                <\/div>    \r\n\r\n                            <div class=\"slick-slide carousel-item-170\">\r\n                    <div class=\"rpc-post-carousel3 rpc-box\">\r\n\t\r\n\r\n\t<div class=\"rpc-desc-box rpc-bg\">\r\n\t\t<div style=\"display: table; margin: auto;\">\r\n\t\t\t<div class=\"rpc-post-category\">\r\n\t\t\t\t<a href=\"https:\/\/sied.unt.edu.ar\/?cat=4\">Noticias<\/a>\t\t\t<\/div>\r\n\t\t<\/div>\r\n\t\t<h3 class=\"rpc-post-title\">\r\n\t\t\t<a href=\"https:\/\/sied.unt.edu.ar\/?p=170\" target=\"_self\" class=\"rpc-title\">\r\n\t\t\t\tEntrega de Certificados VES cohorte 1\t\t\t<\/a>\r\n\t\t<\/h3>\r\n\t\t<div class=\"clearfix\"><\/div>\r\n\t\t<div class=\"rpc-post-para rpc-content\" style=\"height:100px;\">\r\n\t\t\tDocentes que realizaron la Diplomatura sobre aprendizaje en virtualidad recibieron sus certificados. Dicho trayecto de formaci\u00f3n surge en el...                            <br>\r\n                <a href=\"https:\/\/sied.unt.edu.ar\/?p=170\" target=\"_self\" class=\"\">Leer m\u00e1s...<\/a>\r\n        \t\t<\/div>\r\n\t\t\t\t<!--span class=\"rpc-post-meta wcp-disable-post-meta\">\r\n\t\t\t<i class=\"fa fa-user\"><\/i>\r\n\t\t\t\t\t<\/span-->\r\n\t\t<span class=\"rpc-comment-box wcp-disable-post-meta\">\r\n\t\t\t11\/05\/2022\t\t<\/span>\r\n\t\t\t\t<div class=\"clearfix\"><\/div>\r\n\t<\/div>\r\n\t\r\n\t<div class=\"rpc-post-image\">\r\n\t\t<a href=\"https:\/\/sied.unt.edu.ar\/?p=170\" target=\"_self\">\r\n\t\t\t<img width=\"830\" height=\"465\" src=\"https:\/\/sied.unt.edu.ar\/wp-content\/uploads\/2023\/08\/cerificadosVES1.jpg\" class=\"attachment- size- wp-post-image\" alt=\"Foto de entrega de certificados\" decoding=\"async\" srcset=\"https:\/\/sied.unt.edu.ar\/wp-content\/uploads\/2023\/08\/cerificadosVES1.jpg 830w, https:\/\/sied.unt.edu.ar\/wp-content\/uploads\/2023\/08\/cerificadosVES1-300x168.jpg 300w, https:\/\/sied.unt.edu.ar\/wp-content\/uploads\/2023\/08\/cerificadosVES1-768x430.jpg 768w\" sizes=\"(max-width: 830px) 100vw, 830px\" \/>\t\t<\/a>\r\n\t<\/div>\r\n\t\r\n<\/div>                <\/div>    \r\n\r\n                \r\n        <\/section>\r\n        <\/div>\r\n        <style>#carousel-59 .slick-prev:before, #carousel-59 .slick-next:before { color:  !important;}#carousel-59 .slick-slide { margin: 2px ; } #carousel-59 .rpc-title { color: ; } #carousel-59 .rpc-content { color: ; } #carousel-59 .rpc-date { background-color: ; } #carousel-59 .rpc-date { color: ; } #carousel-59 .rpc-overlay { background-color: ; } #carousel-59 .carousel-style9 { border-top-color: ; } #carousel-59 .carousel-style9 .button:before { background-color: ; } #carousel-59 .rpc-box { box-shadow: ; } #carousel-59 .rpc-bg { background-color: ; } #carousel-59 .rpc-title-bg { background-color: ; } #carousel-59 .fixed-height-image { height: ; } #carousel-59 .slick-next:before { content: '\\ \\f0a9 '; } #carousel-59 .slick-prev:before { content: '\\ \\f0a8'; }#carousel-59 .rpc-title { font-family: ; } #carousel-59 .rpc-title { font-size: ; } #carousel-59 .rpc-content { font-family: ; } #carousel-59 .rpc-content { font-size: ; } <\/style>\n","protected":false},"excerpt":{"rendered":"","protected":false},"author":1,"featured_media":0,"comment_status":"open","ping_status":"open","sticky":false,"template":"","format":"standard","meta":{"footnotes":""},"categories":[1],"tags":[],"_links":{"self":[{"href":"https:\/\/sied.unt.edu.ar\/index.php?rest_route=\/wp\/v2\/posts\/64"}],"collection":[{"href":"https:\/\/sied.unt.edu.ar\/index.php?rest_route=\/wp\/v2\/posts"}],"about":[{"href":"https:\/\/sied.unt.edu.ar\/index.php?rest_route=\/wp\/v2\/types\/post"}],"author":[{"embeddable":true,"href":"https:\/\/sied.unt.edu.ar\/index.php?rest_route=\/wp\/v2\/users\/1"}],"replies":[{"embeddable":true,"href":"https:\/\/sied.unt.edu.ar\/index.php?rest_route=%2Fwp%2Fv2%2Fcomments&post=64"}],"version-history":[{"count":1,"href":"https:\/\/sied.unt.edu.ar\/index.php?rest_route=\/wp\/v2\/posts\/64\/revisions"}],"predecessor-version":[{"id":65,"href":"https:\/\/sied.unt.edu.ar\/index.php?rest_route=\/wp\/v2\/posts\/64\/revisions\/65"}],"wp:attachment":[{"href":"https:\/\/sied.unt.edu.ar\/index.php?rest_route=%2Fwp%2Fv2%2Fmedia&parent=64"}],"wp:term":[{"taxonomy":"category","embeddable":true,"href":"https:\/\/sied.unt.edu.ar\/index.php?rest_route=%2Fwp%2Fv2%2Fcategories&post=64"},{"taxonomy":"post_tag","embeddable":true,"href":"https:\/\/sied.unt.edu.ar\/index.php?rest_route=%2Fwp%2Fv2%2Ftags&post=64"}],"curies":[{"name":"wp","href":"https:\/\/api.w.org\/{rel}","templated":true}]}}